{"id":5,"__str__":"Projeto de Resolu\u00e7\u00e3o n\u00ba 2 de 2021 | Proposi\u00e7\u00e3o inclusa na Ordem do Dia | 02/08/2021","link_detail_backend":"/materia/tramitacao/5","metadata":{},"timestamp":"2021-08-23T10:40:02.083785-03:00","data_tramitacao":"2021-08-02","data_encaminhamento":"2021-08-23","urgente":false,"turno":"P","texto":"Projeto de Resolu\u00e7\u00e3o encaminhado para inclus\u00e3o na pauta do Ordem do Dia para a 1\u00aa vota\u00e7\u00e3o.","data_fim_prazo":null,"ip":"177.124.113.95","ultima_edicao":"2021-08-23T14:34:09.818117-03:00","status":18,"materia":12,"unidade_tramitacao_local":16,"unidade_tramitacao_destino":15,"user":12}