{"id":274,"__str__":"Emenda n\u00ba 16 de 2022","link_detail_backend":"/materia/274","metadata":{},"numero":16,"ano":2022,"numero_protocolo":144,"data_apresentacao":"2022-03-14","tipo_apresentacao":"E","data_publicacao":null,"numero_origem_externa":"","ano_origem_externa":null,"data_origem_externa":null,"apelido":"","dias_prazo":null,"data_fim_prazo":null,"em_tramitacao":true,"polemica":false,"objeto":"","complementar":false,"ementa":"O par\u00e1grafo 3\u00ba do artigo 122-G, inclu\u00eddo na proposta por meio do artigo 16, passa a vigorar com a seguinte reda\u00e7\u00e3o:\r\n\u201cArt. 16. (...)\r\n Art. 122-G\r\n(...)\r\n\u00a7 3\u00ba As \u00e1reas de Lazer e Recreio, quando exploradas comercialmente, dever\u00e3o possuir o respectivo alvar\u00e1, que poder\u00e1 ser concedido na forma e constitui\u00e7\u00e3o de pessoa jur\u00eddica ou pessoa f\u00edsica\u201d.","indexacao":"","observacao":"","resultado":"","texto_original":null,"data_ultima_atualizacao":"2022-04-20T13:50:10.364115-03:00","ip":"177.124.113.95","ultima_edicao":"2022-03-14T14:29:05.624809-03:00","tipo":8,"regime_tramitacao":1,"tipo_origem_externa":null,"local_origem_externa":null,"user":12,"anexadas":[],"autores":[3]}