{"id":898,"__str__":"Outros - Anexo III de 07/12/2023 por Fabio Carniel e Cl\u00e1udio Ayres da Silva","link_detail_backend":"/materia/documentoacessorio/898","metadata":{},"nome":"Anexo III","data":"2023-12-07","autor":"Fabio Carniel e Cl\u00e1udio Ayres da Silva","ementa":"Parecer de Avalia\u00e7\u00e3o","indexacao":"","arquivo":"http://sapl.mandaguacu.pr.leg.br/media/sapl/public/documentoacessorio/2023/898/pl_063-23_-_anexo_iii_-_parecer_de_avaliacao.pdf","data_ultima_atualizacao":"2023-12-07T15:14:37.084163-03:00","materia":1093,"tipo":16}