{"id":339,"__str__":"Outros - Of\u00edcio 177/2022 de 02/08/2022 por Francielli M. L. D\u00e1rio - Sec. Mun. de Sa\u00fade","link_detail_backend":"/materia/documentoacessorio/339","metadata":{},"nome":"Of\u00edcio 177/2022","data":"2022-08-02","autor":"Francielli M. L. D\u00e1rio - Sec. Mun. de Sa\u00fade","ementa":"","indexacao":"","arquivo":"http://sapl.mandaguacu.pr.leg.br/media/sapl/public/documentoacessorio/2022/339/resposta_ao_of._037.2022_da_camara_.pdf","data_ultima_atualizacao":"2022-08-02T10:00:10.118373-03:00","materia":329,"tipo":16}