{"id":331,"__str__":"Resposta - Proposi\u00e7\u00f5es - Of\u00edcio 081/2022 de 25/07/2022 por Adalberto Willian Ferracin Silva - Sec. Mun. Meio Ambiente","link_detail_backend":"/materia/documentoacessorio/331","metadata":{},"nome":"Of\u00edcio 081/2022","data":"2022-07-25","autor":"Adalberto Willian Ferracin Silva - Sec. Mun. Meio Ambiente","ementa":"","indexacao":"","arquivo":"http://sapl.mandaguacu.pr.leg.br/media/sapl/public/documentoacessorio/2022/331/of_81-2022.pdf","data_ultima_atualizacao":"2022-07-25T14:19:55.326153-03:00","materia":309,"tipo":12}