{"id":257,"__str__":"Resposta - Proposi\u00e7\u00f5es - Of\u00edcio 046/2022 de 24/05/2022 por Adalberto Willian Ferracin Silva - Sec. Mun. Meio Ambiente","link_detail_backend":"/materia/documentoacessorio/257","metadata":{},"nome":"Of\u00edcio 046/2022","data":"2022-05-24","autor":"Adalberto Willian Ferracin Silva - Sec. Mun. Meio Ambiente","ementa":"","indexacao":"","arquivo":"http://sapl.mandaguacu.pr.leg.br/media/sapl/public/documentoacessorio/2021/257/46-2022.pdf","data_ultima_atualizacao":"2022-05-25T10:23:40.638278-03:00","materia":19,"tipo":12}